[{"@context":"https:\/\/schema.org\/","@type":"Article","@id":"https:\/\/www.regent.sk\/na-co-netreba-zabudat\/#Article","mainEntityOfPage":"https:\/\/www.regent.sk\/na-co-netreba-zabudat\/","headline":"Na \u010do netreba zab\u00fada\u0165","name":"Na \u010do netreba zab\u00fada\u0165","description":"Zdravie je ove\u013ea viac, ako mnoh\u00ed z n\u00e1s \u010do i len predpokladaj\u00fa. Je ve\u013emi vz\u00e1cne, &hellip; ","datePublished":"2019-05-08","dateModified":"2023-04-28","author":{"@type":"Person","@id":"https:\/\/www.regent.sk\/author\/#Person","name":"","url":"https:\/\/www.regent.sk\/author\/","identifier":1,"image":{"@type":"ImageObject","@id":"https:\/\/secure.gravatar.com\/avatar\/f3f77307dfb7a1a6ad06d8ef95ed6ed296a0507575d3814dc8c8630c3a7fa477?s=96&d=mm&r=g","url":"https:\/\/secure.gravatar.com\/avatar\/f3f77307dfb7a1a6ad06d8ef95ed6ed296a0507575d3814dc8c8630c3a7fa477?s=96&d=mm&r=g","height":96,"width":96}},"publisher":{"@type":"Organization","name":"regent.sk","logo":{"@type":"ImageObject","@id":"\/logo.png","url":"\/logo.png","width":600,"height":60}},"image":{"@type":"ImageObject","@id":"https:\/\/www.regent.sk\/wp-content\/uploads\/img_a301335_w16791_t1558806979.jpg","url":"https:\/\/www.regent.sk\/wp-content\/uploads\/img_a301335_w16791_t1558806979.jpg","height":0,"width":0},"url":"https:\/\/www.regent.sk\/na-co-netreba-zabudat\/","about":["Kr\u00e1sa"],"wordCount":410,"articleBody":"Zdravie je ove\u013ea viac, ako mnoh\u00ed z n\u00e1s \u010do i len predpokladaj\u00fa. Je ve\u013emi vz\u00e1cne, d\u00f4le\u017eit\u00e9, ale aj krehk\u00e9 a pr\u00e1ve preto si ho mus\u00edme v\u00e1\u017ei\u0165. Smutn\u00e1 pravda v\u0161ak v\u00e4\u010d\u0161inou je tak\u00e1, \u017ee \u013eudia na svoje zdravie pr\u00edli\u0161 nepom\u00fd\u0161\u013eaj\u00fa, a\u017e potom ke\u010f u\u017e je pr\u00edli\u0161 neskoro si zvykn\u00fa uvedomi\u0165, \u017ee nie \u010do nie je v poriadku a \u017ee mali mo\u017eno nie\u010do rie\u0161i\u0165 sk\u00f4r, ako za\u010dali.Vtedy je v\u0161ak u\u017e neskoro plaka\u0165 nad rozliatym mliekom. Ak m\u00e1te nejak\u00fd zdravotn\u00fd probl\u00e9m, mus\u00edte ho rie\u0161i\u0165 \u010d\u00edm sk\u00f4r, ako je to len mo\u017en\u00e9. V taktom pr\u00edpade id\u00fa v\u0161etky ostatn\u00e9 veci bokom, preto\u017ee ni\u010d nie je v takom stave d\u00f4le\u017eitej\u0161ie, ako v\u00e1\u0161 zdravotn\u00fd stav. \u010castokr\u00e1t po\u010dujem \u013eud\u00ed hovori\u0165, ako je to a tamto neodkladn\u00e9 a pr\u00edli\u0161 podstatn\u00e9 a \u017ee nem\u00f4\u017eu \u00eds\u0165 vtedy lek\u00e1rovi, zosta\u0165 doma, aby si odpo\u010dinuli alebo si len jednoducho trochu odd\u00fdchnu\u0165 a zastavi\u0165, preto\u017ee aj telo a organizmus sa pravidelne vy\u010derp\u00e1va a preto potrebuje aj pravideln\u00fa regener\u00e1ciu. Oh\u00e1\u0148aj\u00fa sa t\u00fdm, ak\u00e9 je v\u0161etko neodkladne d\u00f4le\u017eit\u00e9, a\u017e sa napokon stane to najhor\u0161ie, \u010do sa v\u00f4bec sta\u0165 m\u00f4\u017ee a pr\u00edde p\u00e1du imunity. V\u00e1\u0161 zdravotn\u00fd stav sa zhor\u0161\u00ed, v\u0161etci vo va\u0161om okol\u00ed v\u00e1m za\u010dn\u00fa neradi rozpr\u00e1va\u0165 otrepan\u00fa fr\u00e1zu ktor\u00e1 znie: Ja som ti to vravel\/vravela, alebo Ja som \u0165a varoval\/varovala. A vedy si kone\u010dne uvedom\u00edte, ak\u00fa ve\u013ek\u00fa chybu ste spravili, a \u017ee za v\u00e1\u0161 moment\u00e1lny zl\u00fd zdravotn\u00fd stav nem\u00f4\u017ee nik in\u00fd ako vy sami.V tak\u00fdchto chv\u00ed\u013each je najm\u00e4 d\u00f4le\u017eit\u00e9 si uvedomi\u0165, \u017ee ni\u010d nie je tak\u00e9 neodkladn\u00e9, aby to malo navrch nad va\u0161im dobr\u00fdm zdravotn\u00fdm stavom, preto\u017ee a\u017e nebude ten pre v\u00e1s prvorad\u00fd, v\u0161etko ostatn\u00e9 u\u017e potom, nesk\u00f4r m\u00f4\u017ee by\u0165 zbyto\u010dn\u00e9. M\u00f4\u017ee toti\u017eto pr\u00eds\u0165 k najhor\u0161iemu a vy tu u\u017e ani nesk\u00f4r nemus\u00edte by\u0165 aby ste t\u00fa va\u0161u \u201eneodkladn\u00fa\u201c \u00falohu na chv\u00ed\u013eu odlo\u017eili.To, \u017ee sa neust\u00e1le v\u0161ade opakuje a ja nem\u00f4\u017eem ni\u010d in\u00e9 ako s\u00fahlasi\u0165 a prispie\u0165 k tomu len to\u013eko, \u017ee sa o\u0148 treba stara\u0165 v\u017edy.                                                                                                                                                                                                                                                                                                                                                                                         4.1\/5 - (9 votes)        "},{"@context":"https:\/\/schema.org\/","@type":"BreadcrumbList","itemListElement":[{"@type":"ListItem","position":1,"name":"Na \u010do netreba zab\u00fada\u0165","item":"https:\/\/www.regent.sk\/na-co-netreba-zabudat\/#breadcrumbitem"}]}]