[{"@context":"https:\/\/schema.org\/","@type":"Article","@id":"https:\/\/www.regent.sk\/nechtiky-pre-damy\/#Article","mainEntityOfPage":"https:\/\/www.regent.sk\/nechtiky-pre-damy\/","headline":"necht\u00edky pre d\u00e1my","name":"necht\u00edky pre d\u00e1my","description":"T\u00fa\u017eite po kr\u00e1snych nechtoch ka\u017ed\u00fd de\u0148? Ste majite\u013eom nechtov\u00e9ho sal\u00f3nu a chcete pou\u017e\u00edva\u0165 len tie &hellip; ","datePublished":"2023-11-18","dateModified":"2023-12-19","author":{"@type":"Person","@id":"https:\/\/www.regent.sk\/author\/#Person","name":"","url":"https:\/\/www.regent.sk\/author\/","identifier":1,"image":{"@type":"ImageObject","@id":"https:\/\/secure.gravatar.com\/avatar\/f3f77307dfb7a1a6ad06d8ef95ed6ed296a0507575d3814dc8c8630c3a7fa477?s=96&d=mm&r=g","url":"https:\/\/secure.gravatar.com\/avatar\/f3f77307dfb7a1a6ad06d8ef95ed6ed296a0507575d3814dc8c8630c3a7fa477?s=96&d=mm&r=g","height":96,"width":96}},"publisher":{"@type":"Organization","name":"regent.sk","logo":{"@type":"ImageObject","@id":"\/logo.png","url":"\/logo.png","width":600,"height":60}},"image":{"@type":"ImageObject","@id":"https:\/\/www.regent.sk\/wp-content\/uploads\/stiahnu%C5%A5%20(2)_10.jpg","url":"https:\/\/www.regent.sk\/wp-content\/uploads\/stiahnu%C5%A5%20(2)_10.jpg","height":0,"width":0},"url":"https:\/\/www.regent.sk\/nechtiky-pre-damy\/","about":["Podnikanie"],"wordCount":400,"articleBody":"       T\u00fa\u017eite po kr\u00e1snych nechtoch ka\u017ed\u00fd de\u0148? Ste majite\u013eom nechtov\u00e9ho sal\u00f3nu a chcete pou\u017e\u00edva\u0165 len tie najkvalitnej\u0161ie produkty pre model\u00e1ciu g\u00e9lov\u00fdch a akrylov\u00fdch nechtov? Je na Va\u0161om prvom mieste \u0161\u0165astie a spokojnos\u0165 Va\u0161ich z\u00e1kazn\u00edkov? Pon\u00fakame V\u00e1m tie najkvalitnej\u0161ie g\u00e9l laky, UV g\u00e9ly a LED g\u00e9ly. Vzh\u013ead je pre \u017eenu to najd\u00f4le\u017eitej\u0161ie, preto si d\u00e1vame z\u00e1le\u017ea\u0165 na tom, ako vyzer\u00e1me. Star\u00e1me sa o na\u0161e zdravie, vonkaj\u0161iu ale aj vn\u00fatorn\u00fa kr\u00e1su. Do tohto cel\u00e9ho procesu skr\u00e1\u0161\u013eovania jednozna\u010dne patr\u00ed aj starostlivos\u0165 o na\u0161e nechty. Kr\u00e1sne nechty s\u00fa kone\u010dn\u00fdm prvkom, ktor\u00fd cel\u00fd n\u00e1\u0161 vzh\u013ead spoj\u00ed do jedn\u00e9ho \u00fah\u013eadn\u00e9ho obrazu, ktor\u00fd sa sna\u017e\u00edme vytvori\u0165.Na\u0161e UV, LED g\u00e9ly s\u00fa \u0161etrn\u00e9 pre Va\u0161e natur\u00e1lne nechty. Nevysu\u0161uj\u00fa ich ale naopak hydratuj\u00fa a kr\u00e1sne ich pred\u013a\u017eia a daj\u00fa im po\u017eadovan\u00fd tvar. Ve\u013emi \u010dasto \u017eiadan\u00fdm \u0161t\u00fdlom s\u00fa top nechty puffy, ktor\u00e9 s\u00fa vhodn\u00e9 pre ka\u017ed\u00fa pr\u00edle\u017eitos\u0165. Ide o kr\u00e1tke nechty v tvare obd\u013a\u017enika, v\u00e4\u010d\u0161inou s\u00fa nosen\u00e9 v lete, ale ich popularita neut\u00edcha ani v zime alebo v hocijakom inom ro\u010dnom obdob\u00ed. S\u00fa popul\u00e1rne u \u017eien, ktor\u00e9 nemaj\u00fa rady diskomfort dlh\u00fdch nechtov a potrebuj\u00fa pracova\u0165 so svojimi rukami. Pre tento \u0161t\u00fdl nechtov m\u00e1me ten prav\u00fd UV g\u00e9l. Zaru\u010d\u00edme V\u00e1m perfektn\u00fd vzh\u013ead a prvotriednu kvalitu n\u00e1\u0161ho UV g\u00e9lu. Na stvrdnutie je potrebn\u00e9 pou\u017ei\u0165 UV lampu, ktor\u00fa V\u00e1m taktie\u017e vieme pon\u00faknu\u0165.U n\u00e1s n\u00e1jdete v\u0161etko, \u010do potrebujete na vymodelovanie t\u00fdch najkraj\u0161\u00edch, najkvalitnej\u0161\u00edch a dlho trvaj\u00facich nechtov. Ak ste majite\u013ekou alebo majite\u013eom nechtov\u00e9ho sal\u00f3nu, spojen\u00edm na\u0161ich produktov a V\u00e1\u0161ho prvotriedneho talentu vznikne neodolate\u013en\u00e1 kombin\u00e1cia. My sme tu pre V\u00e1s a Vy zasa pre n\u00e1s. V\u010faka n\u00e1m V\u00e1\u0161 biznis rastie do v\u00fd\u0161ky a v\u010faka V\u00e1m sa m\u00f4\u017eeme my zlep\u0161ova\u0165 a robi\u0165 rados\u0165 nielen V\u00e1m ale hlavne Va\u0161im z\u00e1kazn\u00edkom. Pr\u00ed\u010fte si pre na\u0161e \u00fa\u017easne kvalitn\u00e9 a cenovo v\u00fdhodn\u00e9 UV a LED g\u00e9ly.                                                                                                                                                                                                                                                                                                                                                                                           3.5\/5 - (2 votes)        "},{"@context":"https:\/\/schema.org\/","@type":"BreadcrumbList","itemListElement":[{"@type":"ListItem","position":1,"name":"necht\u00edky pre d\u00e1my","item":"https:\/\/www.regent.sk\/nechtiky-pre-damy\/#breadcrumbitem"}]}]