[{"@context":"https:\/\/schema.org\/","@type":"Article","@id":"https:\/\/www.regent.sk\/pripravte-svoj-balkon-na-letnu-sezonu\/#Article","mainEntityOfPage":"https:\/\/www.regent.sk\/pripravte-svoj-balkon-na-letnu-sezonu\/","headline":"Pripravte svoj balk\u00f3n na letn\u00fa sez\u00f3nu","name":"Pripravte svoj balk\u00f3n na letn\u00fa sez\u00f3nu","description":"Tak \u010do, u\u017e ste za\u010dali s pr\u00edpravami na jar a na leto alebo e\u0161te st\u00e1le &hellip; ","datePublished":"2019-12-19","dateModified":"2023-04-28","author":{"@type":"Person","@id":"https:\/\/www.regent.sk\/author\/#Person","name":"","url":"https:\/\/www.regent.sk\/author\/","identifier":1,"image":{"@type":"ImageObject","@id":"https:\/\/secure.gravatar.com\/avatar\/f3f77307dfb7a1a6ad06d8ef95ed6ed296a0507575d3814dc8c8630c3a7fa477?s=96&d=mm&r=g","url":"https:\/\/secure.gravatar.com\/avatar\/f3f77307dfb7a1a6ad06d8ef95ed6ed296a0507575d3814dc8c8630c3a7fa477?s=96&d=mm&r=g","height":96,"width":96}},"publisher":{"@type":"Organization","name":"regent.sk","logo":{"@type":"ImageObject","@id":"\/logo.png","url":"\/logo.png","width":600,"height":60}},"image":{"@type":"ImageObject","@id":"https:\/\/www.regent.sk\/wp-content\/uploads\/img_a310149_w16917_t1582273480.jpg","url":"https:\/\/www.regent.sk\/wp-content\/uploads\/img_a310149_w16917_t1582273480.jpg","height":0,"width":0},"url":"https:\/\/www.regent.sk\/pripravte-svoj-balkon-na-letnu-sezonu\/","about":["N\u00e1kupy"],"wordCount":409,"articleBody":"        Tak \u010do, u\u017e ste za\u010dali s pr\u00edpravami na jar a na leto alebo e\u0161te st\u00e1le \u017eijete v zime? Ak chcete v\u0161etko stihn\u00fa\u0165 s preh\u013eadom, mali by ste za\u010da\u0165 ur\u010dite ihne\u010f. Rada by som v\u00e1m povedala nie\u010do o pr\u00edprave balk\u00f3nu, ktor\u00fd je po zime neraz v dos\u0165 dezol\u00e1tnom stave. Za\u010dnite s odstra\u0148ovan\u00edm \u0161k\u00f4d  Dlho som si myslela, \u017ee je to len m\u00f4j probl\u00e9m, no po rozhovoroch s nieko\u013ek\u00fdmi susedmi som pochopila, \u017ee asi nie. M\u00f4j balk\u00f3n vyzeral po zime v\u017edy o \u010dosi hor\u0161ie ako pred \u0148ou. Bet\u00f3n na podlahe sa kru\u0161il, z omietky nie st\u00e1le odpadlo. Ak m\u00e1te star\u00fd balk\u00f3n, t\u00fdm mysl\u00edm balk\u00f3n v klasickom a starom panel\u00e1kovom dome, ktor\u00fd si u\u017e nie\u010do za\u017eil, tak budete ma\u0165 s najv\u00e4\u010d\u0161iu pravdepodobnos\u0165ou po zime tento probl\u00e9m aj vy. Pri pr\u00edprave balk\u00f3nu na leto preto za\u010dnite s odstra\u0148ovan\u00edm toho, \u010do sa stihlo po\u010das zimy zni\u010di\u0165. U m\u0148a je to pr\u00e1ve opadan\u00e1 omietka a roztr\u00fasen\u00fd bet\u00f3n na podlahe. Pred rokom som v\u0161ak napr\u00edklad musela vymeni\u0165 cel\u00e9 balkonove zabradlie, preto\u017ee miesta, kde bolo uchyten\u00e9, sa po\u0161kodili nato\u013eko, \u017ee u\u017e vlastne nebolo uchyten\u00e9. T\u00fdm v\u00e1m chcem poveda\u0165 to, \u017ee ak odhal\u00edte nejak\u00fa poruchu, ktor\u00e1 je doslova \u017eivotu nebezpe\u010dn\u00e1, tak sa nesna\u017ete veci zliepa\u0165 \u2013 splieta\u0165 proviz\u00f3riami, ale \u010do najsk\u00f4r ich vyme\u0148te cel\u00e9. Naj\u010dastej\u0161ie ide pr\u00e1ve o z\u00e1bradlie a e\u0161te kraje podlahy, ktor\u00e9 m\u00f4\u017eu opad\u00e1va\u0165 vo ve\u013ek\u00fdch kusoch.\u010eal\u0161ie pr\u00e1ce s\u00fa u\u017e pr\u00edjemn\u00e9  Ak sa zbav\u00edte v\u0161etk\u00fdch ve\u013ek\u00fdch por\u00fach a z balk\u00f3nu poupratujete aj neporiadok, ako je l\u00edstie, kon\u00e1riky alebo semienka, ktor\u00e9 v\u00e1m tam nanosili vt\u00e1ci, m\u00f4\u017eete prist\u00fapi\u0165 k tak\u00fdm be\u017en\u00fdm a omnoho pr\u00edjemnej\u0161\u00edm pr\u00e1cam. V\u0161etko textiln\u00e9 vyperte alebo vytepujte, vyum\u00fdvajte podlahu a kachli\u010dky na sten\u00e1ch (ak nejak\u00e9 m\u00e1te), zbavte sa zbyto\u010dnost\u00ed,ktor\u00e9 na balk\u00f3ne nemaj\u00fa \u010do h\u013eada\u0165 a ak na \u0148om m\u00e1te aj nejak\u00e9 kvetin\u00e1\u010de s rastlinami, vyho\u010fte tie, ktor\u00e9 zimu nepre\u017eili a ostatn\u00e9 pripravte na nov\u00fa sez\u00f3nu.                                                                                                                                                                                                                                                                                                                                                                                          3.4\/5 - (7 votes)        "},{"@context":"https:\/\/schema.org\/","@type":"BreadcrumbList","itemListElement":[{"@type":"ListItem","position":1,"name":"Pripravte svoj balk\u00f3n na letn\u00fa sez\u00f3nu","item":"https:\/\/www.regent.sk\/pripravte-svoj-balkon-na-letnu-sezonu\/#breadcrumbitem"}]}]